{"id":2870,"date":"2020-04-09T17:34:30","date_gmt":"2020-04-09T16:34:30","guid":{"rendered":"https:\/\/ca.hidrotec.com\/?p=2870"},"modified":"2024-06-06T14:26:57","modified_gmt":"2024-06-06T13:26:57","slug":"neteja-desinfeccio-durant-covid-19","status":"publish","type":"post","link":"https:\/\/www.hidrotec.com\/ca\/blog\/neteja-desinfeccio-durant-covid-19\/","title":{"rendered":"Neteja i desinfecci\u00f3 durant el Covid-19"},"content":{"rendered":"\n<p>Els <strong>serveis de neteja i desinfecci\u00f3 durant el Covid-19<\/strong>, aix\u00ed com els <strong>serveis de sanejament de la xarxa de clavegueram<\/strong> tant <strong>p\u00fablic<\/strong> com <strong>privat<\/strong>, s\u00f3n serveis fonamentals per a mantenir les ciutats i poblacions en condicions \u00f2ptimes de salubritat. Amb l\u2019entrada en vigor del Reial decret 463\/2020, de 14 de mar\u00e7, pel qual es declara l\u2019<strong>Estat d\u2019Alarma <\/strong>per a la gesti\u00f3 de la situaci\u00f3 de crisi sanit\u00e0ria ocasionada pel <strong>COVID-19<\/strong>, s\u2019han adoptat una s\u00e8rie de mesures en relaci\u00f3 amb la limitaci\u00f3 de la mobilitat de les persones, aix\u00ed com de les activitats socials i econ\u00f2miques del nostre pa\u00eds, l\u2019objectiu del qual \u00e9s contribuir a contenir l\u2019avan\u00e7 del <strong>COVID-19<\/strong>.<\/p>\n\n\n\n<p>En aquesta mateixa l\u00ednia, a partir del 30 de mar\u00e7 de 2020 s\u2019endureixen les mesures adoptades, cancel\u00b7lant-se totes les activitats no essencials, publicant-se el Reial decret 10\/2020, de 29 de mar\u00e7, pel qual es regula un perm\u00eds retribu\u00eft recuperable per a les persones treballadores per compte d\u2019altri que no prestin serveis essencials, amb la finalitat de reduir la mobilitat de la poblaci\u00f3 en el context de la lluita contra el <strong>COVID-19<\/strong>.<\/p>\n\n\n\n<blockquote class=\"wp-block-quote is-layout-flow wp-block-quote-is-layout-flow\">\n<p>Hidrotec presta serveis de neteja i desinfecci\u00f3 d\u2019espais p\u00fablics i privats, tant en l\u2019\u00e0mbit industrial com urb\u00e0<\/p>\n<\/blockquote>\n\n\n\n<p>En l\u2019annex d\u2019aquest Reial decret, es llisten totes les activitats essencials, entre les quals es troben els <strong>serveis de neteja<\/strong>, manteniment, reparaci\u00f3 d\u2019avaries urgents i vigil\u00e0ncia, aix\u00ed com que prestin serveis en mat\u00e8ria de recollida, gesti\u00f3 i tractament de <a href=\"https:\/\/www.hidrotec.com\/ca\/blog\/empresa-de-transport-de-residus\/\"><strong>residus perillosos<\/strong><\/a>, aix\u00ed com de <strong>residus s\u00f2lids urbans<\/strong>, perillosos i no perillosos, recollida i tractament <a href=\"https:\/\/www.hidrotec.com\/ca\/blog\/tipus-daigues-residuals\/\">d\u2019<strong>aig\u00fces residuals<\/strong><\/a>, activitats de descontaminaci\u00f3 i altres serveis de gesti\u00f3 de residus i transport i retirada de subproductes o en qualsevol de les entitats pertanyents al Sector P\u00fablic, de conformitat amb el que s\u2019estableix en l\u2019article 3 de la Llei 9\/2017, de 8 de novembre, de Contractes del Sector P\u00fablic.<\/p>\n\n\n\n<figure class=\"wp-block-image aligncenter wp-image-2871 size-full\"><img decoding=\"async\" src=\"https:\/\/www.hidrotec.com\/wp-content\/uploads\/sites\/4\/2020\/04\/desinfeccion-covid-1.jpg\" alt=\"Neteja i desinfecci\u00f3 durant el Covid-19\" class=\"wp-image-2871\"\/><figcaption class=\"wp-element-caption\">Els serveis de neteja i desinfecci\u00f3 s\u00f3n serveis fonamentals per a mantenir les ciutats i poblacions en condicions \u00f2ptimes de salubritat.<\/figcaption><\/figure>\n\n\n\n<p>Cal nomenar tamb\u00e9 l\u2019ordre publicada pel Ministeri de Sanitat, Ordre SND\/274\/2020, de 22 de mar\u00e7, per la qual s\u2019adopten mesures en relaci\u00f3 amb els serveis de prove\u00efment d\u2019aigua de consum hum\u00e0 i de <strong>sanejament<\/strong>.<\/p>\n\n\n\n<p>Totes aquestes mesures van dirigides a garantir el correcte funcionament dels serveis de prove\u00efment a la poblaci\u00f3 d\u2019aigua de consum hum\u00e0 i de <strong>sanejament d\u2019aig\u00fces residuals urbanes<\/strong>, considerats com a serveis essencials per a la societat per la seva estreta vinculaci\u00f3 amb la <strong>salut humana i seguretat<\/strong> dels ciutadans. I m\u00e9s encara en aquests moments quan entre un dels principals consells es troba el de rentar-se regularment les mans per a evitar la transfer\u00e8ncia de la malaltia del <strong>COVID-19<\/strong>, per la qual cosa \u00e9s especialment rellevant un \u00f2ptim subministrament d\u2019aigua neta i segura.<\/p>\n\n\n\n<blockquote class=\"wp-block-quote is-layout-flow wp-block-quote-is-layout-flow\">\n<p>La neteja i desinfecci\u00f3 vi\u00e0ria \u00e9s d\u2019especial import\u00e0ncia en l\u2019eliminaci\u00f3 de la c\u00e0rrega viral que pot contenir les vies i espais p\u00fablics<\/p>\n<\/blockquote>\n\n\n\n<p>Cal dir que <strong>Hidrotec<\/strong> es troba inclosa entre les empreses que realitzen activitats essencials i en el context actual presta <strong>serveis de neteja i desinfecci\u00f3 d\u2019espais<\/strong> p\u00fablics i privats, tant en l\u2019\u00e0mbit industrial com urb\u00e0, aplicant <strong>aigua a pressi\u00f3 amb hipoclorit s\u00f2dic <\/strong>per a <strong>desinfectar carrers, voreres i mobiliari urb\u00e0 exterior<\/strong>, complint amb el document t\u00e8cnic de prevenci\u00f3 i control de la infecci\u00f3 <strong>COVID-19<\/strong>, em\u00e8s per part del Ministeri de Sanitat.<\/p>\n\n\n\n<p>La <strong>neteja i desinfecci\u00f3 vi\u00e0ria <\/strong>\u00e9s d\u2019especial import\u00e0ncia en l\u2019eliminaci\u00f3 de la c\u00e0rrega viral que pot contenir les vies i espais p\u00fablics. La <strong>desinfecci\u00f3<\/strong> \u00e9s especialment recomanada en espais m\u00e9s sensibles com en les proximitats i entrada de centres sanitaris, supermercats i centres de distribuci\u00f3 d\u2019aliments. En qualsevol cas, \u00e9s tamb\u00e9 recomanable com a mesura preventiva la <strong>neteja i desinfecci\u00f3 de les voreres<\/strong> i les entrades a les diferents propietats privades.<\/p>\n\n\n\n<figure class=\"wp-block-image aligncenter wp-image-2872\"><img decoding=\"async\" src=\"https:\/\/www.hidrotec.com\/wp-content\/uploads\/sites\/4\/2020\/04\/limpieza-con-hipoclorito-sodico-1-766x1024.jpg\" alt=\"Neteja i desinfecci\u00f3 durant el Covid-19\" class=\"wp-image-2872\"\/><figcaption class=\"wp-element-caption\">La desinfecci\u00f3 \u00e9s especialment recomanada en espais m\u00e9s sensibles com en les proximitats i entrada de centres sanitaris, supermercats i centres de distribuci\u00f3 d\u2019aliments.<\/figcaption><\/figure>\n\n\n\n<p>Al fil dels punts anteriors, ressaltem que en <strong>Hidrotec<\/strong>, com a <strong>empresa essencial<\/strong>, realitzem <strong>serveis de sanejament les 24 hores<\/strong> del dia. Entre les nostres actuacions destaquem els <strong>serveis de desemb\u00fas de canonades<\/strong>, de <strong>neteja de canonades<\/strong> i col\u00b7lectors, de <strong>transport de residus<\/strong> (residus perillosos i no perillosos), de <strong>buidatge de fosses s\u00e8ptiques<\/strong>, d\u2019<strong>extracci\u00f3 d\u2019aigua, <\/strong>de <strong>rehabilitaci\u00f3 de canonades<\/strong> mitjan\u00e7ant innovadors sistemes que eviten haver de realitzar obres, i de <strong>reparaci\u00f3 de pous i arquetes<\/strong>, tant en l\u2019\u00e0mbit <strong>industrial<\/strong>, com en l\u2019\u00e0mbit <strong>urb\u00e0<\/strong> i particular.<\/p>\n\n\n\n<h2 class=\"wp-block-heading\">Equips de gu\u00e0rdia les 24 hores<\/h2>\n\n\n\n<p>En aquest sentit, disposem d\u2019<strong>equips de gu\u00e0rdia les 24 hores<\/strong> del dia per a poder atendre les intervencions d\u2019<strong>urg\u00e8ncia<\/strong> de <strong>neteja i desinfecci\u00f3<\/strong> que siguin necess\u00e0ries en qualsevol dels municipis de la <strong>prov\u00edncia de Barcelona<\/strong> (<strong>Barcelona<\/strong>, <strong>Badalona<\/strong>, <strong>L\u2019Hospitalet<\/strong>, <strong>Terrassa<\/strong>, <strong>Sabadell<\/strong>, <strong>Rub\u00ed<\/strong>, <strong>Sant Cugat del Vall\u00e9s<\/strong>, <strong>Cerdanyola<\/strong>, <strong>Granollers<\/strong>, <strong>Santa Coloma de Gramenet<\/strong>, <strong>Cornell\u00e0<\/strong>, <strong>Esplugues<\/strong>, etc.).<\/p>\n\n\n\n<p>Cal remarcar finalment que totes les nostres actuacions es realitzen sota <strong>estrictes mesures de seguretat<\/strong> segons indiquen els nostres protocols interns i les recomanacions de les autoritats competents.<\/p>\n","protected":false},"excerpt":{"rendered":"<p>Els serveis de neteja i desinfecci\u00f3 durant el Covid-19, aix\u00ed com els serveis de sanejament de la xarxa de clavegueram tant p\u00fablic com privat, s\u00f3n serveis fonamentals per a mantenir les ciutats i poblacions en condicions \u00f2ptimes de salubritat. Amb l\u2019entrada en vigor del Reial decret 463\/2020, de 14 de mar\u00e7, pel qual es declara [&hellip;]<\/p>\n","protected":false},"author":3,"featured_media":10452,"comment_status":"closed","ping_status":"closed","sticky":false,"template":"","format":"standard","meta":{"_acf_changed":false,"inline_featured_image":false,"footnotes":""},"categories":[559],"tags":[],"class_list":["post-2870","post","type-post","status-publish","format-standard","has-post-thumbnail","hentry","category-aigua-potable"],"acf":[],"_links":{"self":[{"href":"https:\/\/www.hidrotec.com\/ca\/wp-json\/wp\/v2\/posts\/2870","targetHints":{"allow":["GET"]}}],"collection":[{"href":"https:\/\/www.hidrotec.com\/ca\/wp-json\/wp\/v2\/posts"}],"about":[{"href":"https:\/\/www.hidrotec.com\/ca\/wp-json\/wp\/v2\/types\/post"}],"author":[{"embeddable":true,"href":"https:\/\/www.hidrotec.com\/ca\/wp-json\/wp\/v2\/users\/3"}],"replies":[{"embeddable":true,"href":"https:\/\/www.hidrotec.com\/ca\/wp-json\/wp\/v2\/comments?post=2870"}],"version-history":[{"count":0,"href":"https:\/\/www.hidrotec.com\/ca\/wp-json\/wp\/v2\/posts\/2870\/revisions"}],"wp:featuredmedia":[{"embeddable":true,"href":"https:\/\/www.hidrotec.com\/ca\/wp-json\/wp\/v2\/media\/10452"}],"wp:attachment":[{"href":"https:\/\/www.hidrotec.com\/ca\/wp-json\/wp\/v2\/media?parent=2870"}],"wp:term":[{"taxonomy":"category","embeddable":true,"href":"https:\/\/www.hidrotec.com\/ca\/wp-json\/wp\/v2\/categories?post=2870"},{"taxonomy":"post_tag","embeddable":true,"href":"https:\/\/www.hidrotec.com\/ca\/wp-json\/wp\/v2\/tags?post=2870"}],"curies":[{"name":"wp","href":"https:\/\/api.w.org\/{rel}","templated":true}]}}