{"id":3521,"date":"2022-06-16T07:39:24","date_gmt":"2022-06-16T06:39:24","guid":{"rendered":"https:\/\/ca.hidrotec.com\/?p=3521"},"modified":"2024-05-21T11:01:44","modified_gmt":"2024-05-21T10:01:44","slug":"que-es-la-coordinacio-dactivitats-empresarials-cae","status":"publish","type":"post","link":"https:\/\/www.hidrotec.com\/ca\/blog\/que-es-la-coordinacio-dactivitats-empresarials-cae\/","title":{"rendered":"Qu\u00e8 \u00e9s la Coordinaci\u00f3 d&#8217;Activitats Empresarials (CAE)?"},"content":{"rendered":"\n<h2 class=\"wp-block-heading\">Qu\u00e8 \u00e9s la Coordinaci\u00f3 d\u2019Activitats Empresarials (CAE)?<\/h2>\n\n\n\n<p>La Coordinaci\u00f3 d\u2019Activitats Empresarials \u00e9s la cooperaci\u00f3 entre diverses empreses o aut\u00f2noms que treballessin en un mateix centre de treball per a informar dels riscos del centre de treball i dels m\u00e8todes i procediments de treball interns per al seu respecte i compliment per personal extern concurrent; aix\u00ed com per a informar de la modificaci\u00f3 dels regs en el centre degut a les actuacions externes, perqu\u00e8 els treballadors externs poden modificar les condicions de treball normals del centre.<\/p>\n\n\n\n<p>En aquesta coordinaci\u00f3, les parts implicades han d\u2019intercanviar tota la informaci\u00f3 necess\u00e0ria perqu\u00e8 els treballs en el centre es desenvolupin amb seguretat i minimitzant els riscos.<\/p>\n\n\n\n<p>De la mateixa manera, les parts implicades han d\u2019aportar tots els mitjans humans i materials per a assegurar el bon desenvolupament de les activitats i el compliment de la coordinaci\u00f3 d\u2019activitats empresarials.<\/p>\n\n\n\n<h2 class=\"wp-block-heading\">Definicions<\/h2>\n\n\n\n<p>La normativa vigent defineix uns certs elements clau per a la Coordinaci\u00f3 d\u2019Activitats Empresarials:<\/p>\n\n\n\n<ul class=\"wp-block-list\">\n<li>Centre de treball: qualsevol \u00e0rea en la qual els treballadors hagin de romandre o a la qual hagin d\u2019accedir per ra\u00f3 del seu treball.<\/li>\n\n\n\n<li>Empresari titular del centre de treball: la persona que t\u00e9 la capacitat de posar a disposici\u00f3 i gestionar el centre de treball.<\/li>\n\n\n\n<li>Empresari principal: l\u2019empresari que contracta o subcontracta amb uns altres la realitzaci\u00f3 d\u2019obres o serveis corresponents a la pr\u00f2pia activitat d\u2019aquell i que es desenvolupen en el seu propi centre de treball.<\/li>\n\n\n\n<li>Empresari concurrent: qualsevol empresari l\u2019activitat del qual en un centre de treball succeeixi en pres\u00e8ncia de treballadors d\u2019altres empreses o aut\u00f2noms.<\/li>\n<\/ul>\n\n\n\n<h2 class=\"wp-block-heading\">Legislaci\u00f3 aplicable a la coordinaci\u00f3 d\u2019Activitats Empresarials<\/h2>\n\n\n\n<ul class=\"wp-block-list\">\n<li>Llei 31\/1995, de 8 de novembre, de Prevenci\u00f3 de Riscos Laborals.<\/li>\n\n\n\n<li>Llei 54\/2003, de 12 de desembre, de reforma del marc normatiu de la prevenci\u00f3 de riscos laborals.<\/li>\n\n\n\n<li>Reial decret 1627\/1997, de 24 d\u2019octubre, pel qual s\u2019estableixen disposicions m\u00ednimes de seguretat i de salut en les obres de construcci\u00f3.<\/li>\n\n\n\n<li>Reial decret 171\/2004, de 30 de gener, pel qual es desenvolupa l\u2019article 24 de la Llei 31\/1995, de 8 de novembre, de Prevenci\u00f3 de Riscos Laborals, en mat\u00e8ria de coordinaci\u00f3 d\u2019activitats empresarials.<\/li>\n<\/ul>\n\n\n\n<h2 class=\"wp-block-heading\">Obligacions de les parts<\/h2>\n\n\n\n<p>La coordinaci\u00f3 d\u2019activitats empresarials \u00e9s obligada en:<\/p>\n\n\n\n<ul class=\"wp-block-list\">\n<li>Centres on existeixin treballadors d\u2019empreses concurrents<\/li>\n\n\n\n<li>En subcontractar serveis aliens a la pr\u00f2pia activitat empresarial<\/li>\n\n\n\n<li>Al subcontracten obres o serveis corresponents a l\u2019activitat de l\u2019empresa principal<\/li>\n\n\n\n<li>Concurr\u00e8ncia de treballadors aut\u00f2noms en un centre de treball<\/li>\n\n\n\n<li>Concurr\u00e8ncia de treballadors en obres de construcci\u00f3<\/li>\n\n\n\n<li>Concurr\u00e8ncia de treballadors en empreses de treball temporal<\/li>\n<\/ul>\n\n\n\n<p>Aquesta obligaci\u00f3 implica el deure de cooperaci\u00f3 de totes les empreses i aut\u00f2noms concurrents en el centre de treball.<\/p>\n\n\n\n<p>L\u2019empresari titular ha d\u2019informar els altres agents implicats de manera suficient i pr\u00e8viament a l\u2019inici dels treballs sobre els riscos propis del centre de treball, les mesures preventives i les mesures d\u2019emerg\u00e8ncia a aplicar.<\/p>\n\n\n\n<p>En el cas que els riscos siguin greus o molt greus, la informaci\u00f3 sobre aquest tema ha de facilitar-se per escrit.<\/p>\n\n\n\n<p>La documentaci\u00f3 exigible tamb\u00e9 es refereix a l\u2019alta a la seguretat social dels treballadors, el lliurament dels seus EPIS, la vig\u00e8ncia de l\u2019apte metge, autoritzaci\u00f3 de maquin\u00e0ria i certificats de formaci\u00f3 i d\u2019informaci\u00f3.<\/p>\n","protected":false},"excerpt":{"rendered":"<p>Qu\u00e8 \u00e9s la Coordinaci\u00f3 d\u2019Activitats Empresarials (CAE)? La Coordinaci\u00f3 d\u2019Activitats Empresarials \u00e9s la cooperaci\u00f3 entre diverses empreses o aut\u00f2noms que treballessin en un mateix centre de treball per a informar dels riscos del centre de treball i dels m\u00e8todes i procediments de treball interns per al seu respecte i compliment per personal extern concurrent; aix\u00ed [&hellip;]<\/p>\n","protected":false},"author":3,"featured_media":8441,"comment_status":"closed","ping_status":"closed","sticky":false,"template":"","format":"standard","meta":{"_acf_changed":false,"inline_featured_image":false,"footnotes":""},"categories":[555],"tags":[],"class_list":["post-3521","post","type-post","status-publish","format-standard","has-post-thumbnail","hentry","category-prl-ca"],"acf":[],"_links":{"self":[{"href":"https:\/\/www.hidrotec.com\/ca\/wp-json\/wp\/v2\/posts\/3521","targetHints":{"allow":["GET"]}}],"collection":[{"href":"https:\/\/www.hidrotec.com\/ca\/wp-json\/wp\/v2\/posts"}],"about":[{"href":"https:\/\/www.hidrotec.com\/ca\/wp-json\/wp\/v2\/types\/post"}],"author":[{"embeddable":true,"href":"https:\/\/www.hidrotec.com\/ca\/wp-json\/wp\/v2\/users\/3"}],"replies":[{"embeddable":true,"href":"https:\/\/www.hidrotec.com\/ca\/wp-json\/wp\/v2\/comments?post=3521"}],"version-history":[{"count":0,"href":"https:\/\/www.hidrotec.com\/ca\/wp-json\/wp\/v2\/posts\/3521\/revisions"}],"wp:featuredmedia":[{"embeddable":true,"href":"https:\/\/www.hidrotec.com\/ca\/wp-json\/wp\/v2\/media\/8441"}],"wp:attachment":[{"href":"https:\/\/www.hidrotec.com\/ca\/wp-json\/wp\/v2\/media?parent=3521"}],"wp:term":[{"taxonomy":"category","embeddable":true,"href":"https:\/\/www.hidrotec.com\/ca\/wp-json\/wp\/v2\/categories?post=3521"},{"taxonomy":"post_tag","embeddable":true,"href":"https:\/\/www.hidrotec.com\/ca\/wp-json\/wp\/v2\/tags?post=3521"}],"curies":[{"name":"wp","href":"https:\/\/api.w.org\/{rel}","templated":true}]}}