{"id":3541,"date":"2022-08-05T08:09:30","date_gmt":"2022-08-05T07:09:30","guid":{"rendered":"https:\/\/ca.hidrotec.com\/?p=3541"},"modified":"2024-01-11T11:40:14","modified_gmt":"2024-01-11T10:40:14","slug":"valoritzacio-de-residus","status":"publish","type":"post","link":"https:\/\/www.hidrotec.com\/ca\/blog\/valoritzacio-de-residus\/","title":{"rendered":"Claus de la valoritzaci\u00f3 de residus"},"content":{"rendered":"\n<h2 class=\"wp-block-heading\">1. Per qu\u00e8 \u00e9s important la valoritzaci\u00f3 de residus?<\/h2>\n\n\n\n<p>A Espanya s\u2019estima que es generen aproximadament 138 milions de tones de residus anuals, dels quals solament es recicla prop d\u2019un 15%. Any a any, aquesta xifra va augmentant gr\u00e0cies a les noves propostes de valoritzaci\u00f3, la conscienciaci\u00f3 de la poblaci\u00f3, l\u2019enduriment de la normativa sobre aquest tema i al creixement del sector de la gesti\u00f3 de residus.<\/p>\n\n\n\n<p>En aquest post us parlarem sobre la valoritzaci\u00f3 de residus i tot el que implica per a la societat.<\/p>\n\n\n\n<figure class=\"wp-block-image alignwide size-large\"><img decoding=\"async\" width=\"1024\" height=\"682\" src=\"https:\/\/www.hidrotec.com\/wp-content\/uploads\/2022\/08\/garbage-gb3c4fad83_1280-1024x682.jpg\" alt=\"\" class=\"wp-image-8468\" srcset=\"https:\/\/www.hidrotec.com\/wp-content\/uploads\/2022\/08\/garbage-gb3c4fad83_1280-1024x682.jpg 1024w, https:\/\/www.hidrotec.com\/wp-content\/uploads\/2022\/08\/garbage-gb3c4fad83_1280-600x400.jpg 600w, https:\/\/www.hidrotec.com\/wp-content\/uploads\/2022\/08\/garbage-gb3c4fad83_1280-768x512.jpg 768w, https:\/\/www.hidrotec.com\/wp-content\/uploads\/2022\/08\/garbage-gb3c4fad83_1280.jpg 1280w\" sizes=\"(max-width: 1024px) 100vw, 1024px\" \/><\/figure>\n\n\n\n<h2 class=\"wp-block-heading\">2. Qu\u00e8 \u00e9s la valoritzaci\u00f3 de residus?<\/h2>\n\n\n\n<p>La valoritzaci\u00f3 de residus \u00e9s, segons la Directiva 2008\/98\/CE de residus (modificada per la Directiva (UE) 2018\/851), \u201cl\u2019operaci\u00f3 el resultat principal de la qual \u00e9s que el residu serveixi a una finalitat \u00fatil en substituir a altres materials que, d\u2019una altra manera, s\u2019haurien utilitzat per a complir una funci\u00f3 particular\u201d.<\/p>\n\n\n\n<p>Aquesta utilitat pot consistir en moltes coses, per exemple, la seva utilitzaci\u00f3 com a combustible o altres maneres de produir energia, la recuperaci\u00f3 de materials o subst\u00e0ncies org\u00e0niques, pirolisis, reciclatge de mat\u00e8ries inorg\u00e0niques, etc.<\/p>\n\n\n\n<p>Amb tot aix\u00f2 es pret\u00e9n incorporar de nou, en la mesura que sigui possible, al residu en el cicle productiu de l\u2019economia, generant noves mat\u00e8ries primeres.<\/p>\n\n\n\n<h2 class=\"wp-block-heading\">3. Tipologies de valoritzaci\u00f3 de residus<\/h2>\n\n\n\n<p>Valoritzaci\u00f3 material: en aquest cas es tracta de l\u2019obtenci\u00f3 dels materials intr\u00ednsecs dels residus mitjan\u00e7ant diferents vies de gesti\u00f3 i de tractament, com ara<br>Valoritzaci\u00f3 energ\u00e8tica: es coneix com a valoritzaci\u00f3 energ\u00e8tica de residus la seva transformaci\u00f3 en energia, sigui aquesta electricitat o calor. La valoritzaci\u00f3 energ\u00e8tica es valora com a opci\u00f3 per als residus no reciclables, perqu\u00e8 si no fos per aquest proc\u00e9s, acabarien en abocadors. A m\u00e9s, la valoritzaci\u00f3 energ\u00e8tica suposa una disminuci\u00f3 considerable de les emissions de Co2 derivades de la gesti\u00f3 de residus respecte als abocaments en abocadors controlats a m\u00e9s de minimitzar l\u2019espai destinat a ells.<\/p>\n\n\n\n<h2 class=\"wp-block-heading\">4. Tots els residus s\u00f3n valoritzables?<\/h2>\n\n\n\n<p>Les caracter\u00edstiques intr\u00ednseques d\u2019un residu determinen els processos als quals pot ser sotm\u00e8s.<\/p>\n\n\n\n<p>\u00c9s m\u00e9s, els residus industrials, codificats sota la nomenclatura de la Llista Europeu de Residus (LER), tenen establerts unes vies de gesti\u00f3 preferents depenent de les seves caracter\u00edstiques.<\/p>\n\n\n\n<p>Depenent de la seva naturalesa, si \u00e9s perill\u00f3s o no perill\u00f3s, o inert; o presenta una amalgama de residus a causa de la mala segregaci\u00f3, es determina si el residu \u00e9s valoritzable.<\/p>\n\n\n\n<p>Contra m\u00e9s eficient i exhaustiva sigui la segregaci\u00f3 de residus en origen, m\u00e9s f\u00e0cil ser\u00e0 aplicar una via de gesti\u00f3.<\/p>\n\n\n\n<h2 class=\"wp-block-heading\">5. Qui pot valorar residus?<\/h2>\n\n\n\n<p>Els residus com a tal s\u00f3n valoritzables pels diferents agents implicats des de la generaci\u00f3 el residu fins a la seva gesti\u00f3 final, per\u00f2 per norma general s\u2019ent\u00e9n que en parlar de valoritzaci\u00f3 de residus ens referim a la gesti\u00f3 que realitza un gestor autoritzat. Per\u00f2 de la mateixa manera pot parlar-se de valoritzaci\u00f3 a una comunitat de ve\u00efns que composta els seus residus org\u00e0nics dom\u00e8stics, o a qui reutilitzi materials d\u2019equips rebutjats per a qualsevol fi.<\/p>\n\n\n\n<h2 class=\"wp-block-heading\">6. D\u2019on venim?<\/h2>\n\n\n\n<p>La nostra societat va ser a poc a poc assimilant la segregaci\u00f3 de residus i el reciclatge com una tasca de responsabilitat personal, reduint gradualment la quantitat de residu banal. Es parteix d\u2019un obscurantisme que en gran manera no tenia en consideraci\u00f3 la valoritzaci\u00f3 com una necessitat i com una oportunitat.<\/p>\n\n\n\n<h2 class=\"wp-block-heading\">7. Cap a on anem?<\/h2>\n\n\n\n<p>S\u2019han codificat totes les vies de valoritzaci\u00f3 i d\u2019eliminaci\u00f3.<\/p>\n\n\n\n<p>L\u2019administraci\u00f3 cada vegada t\u00e9 major pres\u00e8ncia i control sobre la generaci\u00f3 de residus i la seva tra\u00e7abilitat fins a planta gestora.<\/p>\n\n\n\n<p>Tant la societat com el teixit empresarial i industrial estan augmentant gradualment la import\u00e0ncia que donen als seus residus.<\/p>\n\n\n\n<p>La creixent necessitat d\u2019aquesta activitat est\u00e0 diversificant l\u2019economia i enfortint un sector fins ara petit.<\/p>\n\n\n\n<p>L\u2019objectiu final de tot el desenvolupament normatiu i cultural de la gesti\u00f3 de residus \u00e9s essencialment la minimitzaci\u00f3 m\u00e0xima de l\u2019eliminaci\u00f3 i abocament de residus, trobant-los una finalitat \u00fatil del tipus que sigui.<\/p>\n","protected":false},"excerpt":{"rendered":"<p>1. Per qu\u00e8 \u00e9s important la valoritzaci\u00f3 de residus? A Espanya s\u2019estima que es generen aproximadament 138 milions de tones de residus anuals, dels quals solament es recicla prop d\u2019un 15%. Any a any, aquesta xifra va augmentant gr\u00e0cies a les noves propostes de valoritzaci\u00f3, la conscienciaci\u00f3 de la poblaci\u00f3, l\u2019enduriment de la normativa sobre [&hellip;]<\/p>\n","protected":false},"author":3,"featured_media":10708,"comment_status":"closed","ping_status":"closed","sticky":false,"template":"","format":"standard","meta":{"_acf_changed":false,"inline_featured_image":false,"footnotes":""},"categories":[],"tags":[],"class_list":["post-3541","post","type-post","status-publish","format-standard","has-post-thumbnail","hentry"],"acf":[],"_links":{"self":[{"href":"https:\/\/www.hidrotec.com\/ca\/wp-json\/wp\/v2\/posts\/3541","targetHints":{"allow":["GET"]}}],"collection":[{"href":"https:\/\/www.hidrotec.com\/ca\/wp-json\/wp\/v2\/posts"}],"about":[{"href":"https:\/\/www.hidrotec.com\/ca\/wp-json\/wp\/v2\/types\/post"}],"author":[{"embeddable":true,"href":"https:\/\/www.hidrotec.com\/ca\/wp-json\/wp\/v2\/users\/3"}],"replies":[{"embeddable":true,"href":"https:\/\/www.hidrotec.com\/ca\/wp-json\/wp\/v2\/comments?post=3541"}],"version-history":[{"count":0,"href":"https:\/\/www.hidrotec.com\/ca\/wp-json\/wp\/v2\/posts\/3541\/revisions"}],"wp:featuredmedia":[{"embeddable":true,"href":"https:\/\/www.hidrotec.com\/ca\/wp-json\/wp\/v2\/media\/10708"}],"wp:attachment":[{"href":"https:\/\/www.hidrotec.com\/ca\/wp-json\/wp\/v2\/media?parent=3541"}],"wp:term":[{"taxonomy":"category","embeddable":true,"href":"https:\/\/www.hidrotec.com\/ca\/wp-json\/wp\/v2\/categories?post=3541"},{"taxonomy":"post_tag","embeddable":true,"href":"https:\/\/www.hidrotec.com\/ca\/wp-json\/wp\/v2\/tags?post=3541"}],"curies":[{"name":"wp","href":"https:\/\/api.w.org\/{rel}","templated":true}]}}