{"id":9597,"date":"2021-09-22T08:45:44","date_gmt":"2021-09-22T07:45:44","guid":{"rendered":"https:\/\/ca.hidrotec.com\/?p=3461"},"modified":"2024-01-11T11:41:55","modified_gmt":"2024-01-11T10:41:55","slug":"smagua-2021-hidrotec-vuelve-smagua","status":"publish","type":"post","link":"https:\/\/www.hidrotec.com\/ca\/blog\/smagua-2021-hidrotec-vuelve-smagua\/","title":{"rendered":"Smagua 2021: Hidrotec torna a Smagua"},"content":{"rendered":"<p>Els pr\u00f2xims dies 19, 20 i 21 d\u2019octubre arriba una nova edici\u00f3 de <strong>Smagua<\/strong>, el <strong>Sal\u00f3 Internacional de l\u2019Aigua i del Reg<\/strong>. <strong>Hidrotec<\/strong>, com en els \u00faltims anys, tornar\u00e0 a ser present com a expositor en aquest certamen.<\/p>\n<h2>Smagua torna despr\u00e9s de dos anys de pand\u00e8mia<\/h2>\n<p>Despr\u00e9s de diversos anys sense poder celebrar-se la fira a causa de la pand\u00e8mia de la Covid-19, <strong>Smagua 2021<\/strong> reobre enguany amb la intenci\u00f3 de reactivar el <strong>Sector de l\u2019Aigua<\/strong> i ser aparador per al llan\u00e7ament de nombrosos productes i serveis, aix\u00ed com de les solucions tecnol\u00f2giques m\u00e9s innovadores del mercat.<\/p>\n<h3>Coneixes la fira de Smagua?<\/h3>\n<p><strong>Smagua <\/strong>amb m\u00e9s de 45 anys d\u2019experi\u00e8ncia s\u2019ha convertit en un punt de trobada imprescindible entre clients i prove\u00efdors del <strong>Sector de l\u2019Aigua<\/strong>. Enguany comptar\u00e0 amb la participaci\u00f3 de m\u00e9s de 200 empreses expositores procedents de 20 pa\u00efsos diferents. Aquest fet situa a <strong>Smagua<\/strong> entre les fires m\u00e9s importants d\u2019Europa.<\/p>\n<p>Com \u00e9s habitual, <strong>Smagua<\/strong> se celebra en el recinte de la <strong>Fira de Saragossa<\/strong>, concretament en el Pavell\u00f3 6. Enguany, l\u2019horari d\u2019obertura al p\u00fablic \u00e9s de 10.00 h a 18.00 h. Cal dir que durant el certamen se celebraran una s\u00e8rie de confer\u00e8ncies i jornades t\u00e8cniques de gran inter\u00e8s que recolliran els temes m\u00e9s importants del present i futur del sector. Entre els temes que es tractaran destaquen \u201c<strong>La rehabilitaci\u00f3 sense rasa una nova vida per a les canonades<\/strong>\u201d, \u201cSolucions digitals intel\u00b7ligents\u201d o \u201cLa gesti\u00f3 de llots de depuradora i la seva valoraci\u00f3 energ\u00e8tica\u201d.<\/p>\n<p><img decoding=\"async\" class=\"aligncenter wp-image-3462\" src=\"https:\/\/www.hidrotec.com\/wp-content\/uploads\/sites\/4\/2021\/09\/1200x1200-2_hidrotec-SMAGUA-2021-300x300.png\" alt=\"\" width=\"395\" height=\"395\" \/><\/p>\n<h3>Quines tem\u00e0tiques es tractaran aquest any a la fira?<\/h3>\n<p>En aquesta vint-i-cinquena edici\u00f3 de <strong>Smagua<\/strong>, <strong>Hidrotec<\/strong> presentar\u00e0 els serveis m\u00e9s innovadors que actualment presta en l\u2019\u00e0mbit de la <strong>rehabilitaci\u00f3 de canonades i col\u00b7lectors<\/strong> de sanejament industrials, p\u00fablics i privats. En aquest sentit, tenim previst realitzar diverses demostracions, en la zona exterior, d\u2019alguns dels sistemes que disposem per a la <strong>rehabilitaci\u00f3 de canonades sense obres<\/strong>: El sistema <strong>SprayForm<\/strong> per a rehabilitaci\u00f3 de baixants per projecci\u00f3 interna circular mitjan\u00e7ant pol\u00edmer especial i el <strong>sistema de encamisat de col\u00b7lectors<\/strong> mitjan\u00e7ant <strong>m\u00e0nega cont\u00ednua<\/strong> i <strong>curat LED<\/strong>. Es tracten de dos sistemes econ\u00f2mics, mediambientals, r\u00e0pids i duradors, que eviten haver d\u2019obrir rasa, realitzar obres i gestionar els residus generats.<\/p>\n<h3>Hidrotec torna a Smagua<\/h3>\n<p>Si visitareu la <strong>Fira de Smagua<\/strong> no dubteu a venir-vos a veure en el Pavell\u00f3 6 Estand 12. All\u00ed, mentre ens prenem un caf\u00e8, resoldrem qualsevol dubte que tingueu sobre els serveis integrals d\u2019<strong>inspecci\u00f3<\/strong>, <strong>rehabilitaci\u00f3<\/strong> i <strong>manteniment de xarxes de sanejament<\/strong> industrials, urbanes i particulars.<\/p>\n<p>Vols con\u00e8ixer m\u00e9s sobre la <strong>Fira de Smagua<\/strong>? Accedeix a la seva p\u00e0gina web i descobreix tota la informaci\u00f3.<\/p>\n<p><a href=\"https:\/\/www.feriazaragoza.es\/smagua-2021\" target=\"_blank\" rel=\"noopener\">Lloc web de Smagua<\/a><\/p>\n","protected":false},"excerpt":{"rendered":"<p>Els pr\u00f2xims dies 19, 20 i 21 d\u2019octubre arriba una nova edici\u00f3 de Smagua, el Sal\u00f3 Internacional de l\u2019Aigua i del Reg. Hidrotec, com en els \u00faltims anys, tornar\u00e0 a ser present com a expositor en aquest certamen. Smagua torna despr\u00e9s de dos anys de pand\u00e8mia Despr\u00e9s de diversos anys sense poder celebrar-se la fira [&hellip;]<\/p>\n","protected":false},"author":3,"featured_media":3462,"comment_status":"closed","ping_status":"closed","sticky":false,"template":"","format":"standard","meta":{"_acf_changed":false,"inline_featured_image":false,"footnotes":""},"categories":[432],"tags":[],"class_list":["post-9597","post","type-post","status-publish","format-standard","has-post-thumbnail","hentry","category-noticies"],"acf":[],"_links":{"self":[{"href":"https:\/\/www.hidrotec.com\/ca\/wp-json\/wp\/v2\/posts\/9597","targetHints":{"allow":["GET"]}}],"collection":[{"href":"https:\/\/www.hidrotec.com\/ca\/wp-json\/wp\/v2\/posts"}],"about":[{"href":"https:\/\/www.hidrotec.com\/ca\/wp-json\/wp\/v2\/types\/post"}],"author":[{"embeddable":true,"href":"https:\/\/www.hidrotec.com\/ca\/wp-json\/wp\/v2\/users\/3"}],"replies":[{"embeddable":true,"href":"https:\/\/www.hidrotec.com\/ca\/wp-json\/wp\/v2\/comments?post=9597"}],"version-history":[{"count":0,"href":"https:\/\/www.hidrotec.com\/ca\/wp-json\/wp\/v2\/posts\/9597\/revisions"}],"wp:featuredmedia":[{"embeddable":true,"href":"https:\/\/www.hidrotec.com\/ca\/wp-json\/wp\/v2\/media\/3462"}],"wp:attachment":[{"href":"https:\/\/www.hidrotec.com\/ca\/wp-json\/wp\/v2\/media?parent=9597"}],"wp:term":[{"taxonomy":"category","embeddable":true,"href":"https:\/\/www.hidrotec.com\/ca\/wp-json\/wp\/v2\/categories?post=9597"},{"taxonomy":"post_tag","embeddable":true,"href":"https:\/\/www.hidrotec.com\/ca\/wp-json\/wp\/v2\/tags?post=9597"}],"curies":[{"name":"wp","href":"https:\/\/api.w.org\/{rel}","templated":true}]}}